{"id":439,"date":"2015-12-18T19:52:38","date_gmt":"2015-12-18T18:52:38","guid":{"rendered":"http:\/\/amvb.fr\/?p=439"},"modified":"2018-02-03T22:50:38","modified_gmt":"2018-02-03T21:50:38","slug":"novembre-2015","status":"publish","type":"post","link":"https:\/\/amvb.fr\/?p=439","title":{"rendered":"Novembre 2015"},"content":{"rendered":"<p><span style=\"font-size: 14pt;\"><strong>Concert du march\u00e9 de No\u00ebl le dimanche 29 novembre \u00e0 11 heures<\/strong><\/span><\/p>\n<p><strong>Direction : Laurent Langard<\/strong><\/p>\n<p><strong>Programme<\/strong><\/p>\n<p>\u2022 <strong>Mary Poppin<\/strong>s de <a href=\"https:\/\/fr.wikipedia.org\/wiki\/Richard_M._Sherman\" target=\"_blank\" rel=\"noopener\"><em>Richard Sherman<\/em><\/a><br \/>\n\u2022 <strong>Irish Tune<\/strong> de <a href=\"https:\/\/en.wikipedia.org\/wiki\/Percy_Grainger\" target=\"_blank\" rel=\"noopener\"><em>Percy Grainger<\/em><\/a><br \/>\n\u2022 <strong>Trois pi\u00e8ces pittoresques<\/strong> de <a href=\"https:\/\/fr.wikipedia.org\/wiki\/Emmanuel_Chabrier\" target=\"_blank\" rel=\"noopener\"><em>Emmanuel Chabrier<\/em><\/a><br \/>\n\u2022 <strong>Berceuse<\/strong> de <a href=\"https:\/\/fr.wikipedia.org\/wiki\/Johannes_Brahms\" target=\"_blank\" rel=\"noopener\"><em>Johannes Brahms<\/em><\/a><br \/>\n\u2022 <strong>On The Town<\/strong> de <a href=\"https:\/\/fr.wikipedia.org\/wiki\/Leonard_Bernstein\" target=\"_blank\" rel=\"noopener\"><em>Leonard Bernstein<\/em><\/a><br \/>\n\u2022 <strong>Belle nuit, Sainte nuit<\/strong> de <a href=\"https:\/\/fr.wikipedia.org\/wiki\/Franz_Xaver_Gruber\" target=\"_blank\" rel=\"noopener\"><em>F.<\/em> <em>Gruber<\/em><\/a><br \/>\n\u2022 <strong>L\u2019Italienne \u00e0 Alger<\/strong> de <a href=\"https:\/\/fr.wikipedia.org\/wiki\/Gioachino_Rossini\" target=\"_blank\" rel=\"noopener\"><em>Gioacchino Rossini<\/em><\/a><br \/>\n\u2022 <strong>Ave Maria<\/strong> de <a href=\"https:\/\/fr.wikipedia.org\/wiki\/Anton_Bruckner\" target=\"_blank\" rel=\"noopener\"><em>Anton Bruckner<\/em><\/a><br \/>\n\u2022 <strong>Vive le Vent<\/strong> de <a href=\"http:\/\/data.bnf.fr\/14821724\/rolf_marbot\/\" target=\"_blank\" rel=\"noopener\"><em>R. Marbot<\/em><\/a><br \/>\n\u2022 <strong>Beatles Collection<\/strong> de <a href=\"https:\/\/fr.wikipedia.org\/wiki\/Lennon\/McCartney\" target=\"_blank\" rel=\"noopener\"><em>J.<\/em> <em>Lennon-Mc Cartney<\/em><\/a><\/p>\n<div id=\"attachment_2122\" style=\"width: 468px\" class=\"wp-caption aligncenter\"><img loading=\"lazy\" decoding=\"async\" aria-describedby=\"caption-attachment-2122\" class=\"wp-image-2122\" src=\"http:\/\/amvb.fr\/wp-content\/uploads\/2015\/12\/PB292049-300x120.jpg\" alt=\"\" width=\"458\" height=\"183\" srcset=\"https:\/\/amvb.fr\/wp-content\/uploads\/2015\/12\/PB292049-300x120.jpg 300w, https:\/\/amvb.fr\/wp-content\/uploads\/2015\/12\/PB292049-768x307.jpg 768w, https:\/\/amvb.fr\/wp-content\/uploads\/2015\/12\/PB292049-1024x409.jpg 1024w\" sizes=\"auto, (max-width: 458px) 100vw, 458px\" \/><p id=\"caption-attachment-2122\" class=\"wp-caption-text\">Concert du march\u00e9 de No\u00ebl 2015<\/p><\/div>\n<p>&nbsp;<\/p>\n<div style=\"padding-bottom:20px; padding-top:10px;\" class=\"hupso-share-buttons\"><!-- Hupso Share Buttons - https:\/\/www.hupso.com\/share\/ --><a class=\"hupso_toolbar\" href=\"https:\/\/www.hupso.com\/share\/\"><img decoding=\"async\" src=\"https:\/\/static.hupso.com\/share\/buttons\/lang\/fr\/share-medium.png\" style=\"border:0px; padding-top: 5px; float:left;\" alt=\"Share Button\"\/><\/a><script type=\"text\/javascript\">var hupso_services_t=new Array(\"Twitter\",\"Facebook\",\"Google Plus\",\"Print\");var hupso_background_t=\"#EAF4FF\";var hupso_border_t=\"#66CCFF\";var hupso_toolbar_size_t=\"medium\";var hupso_image_folder_url = \"\";var hupso_url_t=\"\";var hupso_title_t=\"Novembre%202015\";<\/script><script type=\"text\/javascript\" src=\"https:\/\/static.hupso.com\/share\/js\/share_toolbar.js\"><\/script><!-- Hupso Share Buttons --><\/div>","protected":false},"excerpt":{"rendered":"<p>Concert du march\u00e9 de No\u00ebl le dimanche 29 novembre \u00e0 11 heures Direction : Laurent Langard Programme \u2022 Mary Poppins de Richard Sherman \u2022 Irish Tune de Percy Grainger \u2022 Trois pi\u00e8ces pittoresques de Emmanuel Chabrier \u2022 Berceuse de Johannes &hellip; <a href=\"https:\/\/amvb.fr\/?p=439\">Continuer la lecture <span class=\"meta-nav\">&rarr;<\/span><\/a><\/p>\n","protected":false},"author":2,"featured_media":0,"comment_status":"closed","ping_status":"open","sticky":false,"template":"","format":"standard","meta":{"_bbp_topic_count":0,"_bbp_reply_count":0,"_bbp_total_topic_count":0,"_bbp_total_reply_count":0,"_bbp_voice_count":0,"_bbp_anonymous_reply_count":0,"_bbp_topic_count_hidden":0,"_bbp_reply_count_hidden":0,"_bbp_forum_subforum_count":0,"ngg_post_thumbnail":0,"footnotes":""},"categories":[7],"tags":[16,17],"class_list":["post-439","post","type-post","status-publish","format-standard","hentry","category-concert","tag-marche","tag-noel"],"aioseo_notices":[],"_links":{"self":[{"href":"https:\/\/amvb.fr\/index.php?rest_route=\/wp\/v2\/posts\/439","targetHints":{"allow":["GET"]}}],"collection":[{"href":"https:\/\/amvb.fr\/index.php?rest_route=\/wp\/v2\/posts"}],"about":[{"href":"https:\/\/amvb.fr\/index.php?rest_route=\/wp\/v2\/types\/post"}],"author":[{"embeddable":true,"href":"https:\/\/amvb.fr\/index.php?rest_route=\/wp\/v2\/users\/2"}],"replies":[{"embeddable":true,"href":"https:\/\/amvb.fr\/index.php?rest_route=%2Fwp%2Fv2%2Fcomments&post=439"}],"version-history":[{"count":9,"href":"https:\/\/amvb.fr\/index.php?rest_route=\/wp\/v2\/posts\/439\/revisions"}],"predecessor-version":[{"id":2191,"href":"https:\/\/amvb.fr\/index.php?rest_route=\/wp\/v2\/posts\/439\/revisions\/2191"}],"wp:attachment":[{"href":"https:\/\/amvb.fr\/index.php?rest_route=%2Fwp%2Fv2%2Fmedia&parent=439"}],"wp:term":[{"taxonomy":"category","embeddable":true,"href":"https:\/\/amvb.fr\/index.php?rest_route=%2Fwp%2Fv2%2Fcategories&post=439"},{"taxonomy":"post_tag","embeddable":true,"href":"https:\/\/amvb.fr\/index.php?rest_route=%2Fwp%2Fv2%2Ftags&post=439"}],"curies":[{"name":"wp","href":"https:\/\/api.w.org\/{rel}","templated":true}]}}