{"id":448,"date":"2015-04-18T20:19:36","date_gmt":"2015-04-18T18:19:36","guid":{"rendered":"http:\/\/amvb.fr\/?p=448"},"modified":"2018-02-04T07:00:01","modified_gmt":"2018-02-04T06:00:01","slug":"avril-2015","status":"publish","type":"post","link":"https:\/\/amvb.fr\/?p=448","title":{"rendered":"Avril 2015"},"content":{"rendered":"<p><span style=\"font-size: 14pt;\"><strong>Concert de printemps le dimanche 12 avril \u00e0 15 h 30<\/strong><\/span><\/p>\n<p><strong>&nbsp;<\/strong><strong>Direction&nbsp;: <\/strong><strong>Sylvain Victor et Laurent Langard<\/strong><\/p>\n<h3><strong>Programme<\/strong><\/h3>\n<ul>\n<li><strong>Danse macabre <\/strong>de <a href=\"http:\/\/fr.wikipedia.org\/wiki\/Camille_Saint-Sa\u00ebns\" target=\"_blank\" rel=\"noopener\"><em>Camille Saint-Sa\u00ebns<\/em><\/a><\/li>\n<li><strong>Suite fran\u00e7aise <\/strong>de <a href=\"http:\/\/fr.wikipedia.org\/wiki\/Darius_Milhaud\" target=\"_blank\" rel=\"noopener\"><em>Darius Milhaud<\/em><\/a><\/li>\n<li><strong>Concerto pour trompette <\/strong>d\u2019<a href=\"http:\/\/fr.wikipedia.org\/wiki\/Alexandre_Aroutiounian\" target=\"_blank\" rel=\"noopener\"><em>Alexandre Aroutiounian <\/em><\/a>(arr. <em>C. Guillonneau<\/em>)<\/li>\n<\/ul>\n<h6><span style=\"font-size: 12pt;\">Entracte<\/span><\/h6>\n<ul>\n<li><strong>Musique fun\u00e8bre ma\u00e7onnique <\/strong>de <a href=\"http:\/\/fr.wikipedia.org\/wiki\/Wolfgang_Amadeus_Mozart\" target=\"_blank\" rel=\"noopener\"><em>W.A. Mozart <\/em><\/a>(arr.<em> D. Dondeyne<\/em>)<\/li>\n<li><strong>Imphy <\/strong>de <a href=\"http:\/\/www.thierrydeleruyelle.com\/\" target=\"_blank\" rel=\"noopener\"><em>Thierry Deleruyelle<\/em><\/a><\/li>\n<li><strong>Escenas de los Aztecas <\/strong>de <a href=\"http:\/\/en.wikipedia.org\/wiki\/James_Barnes_%28composer%29\" target=\"_blank\" rel=\"noopener\"><em>James Barnes<\/em><\/a><\/li>\n<li><strong>Paris Montmartre<\/strong> (arr. <a href=\"http:\/\/en.wikipedia.org\/wiki\/Toshio_Mashima\" target=\"_blank\" rel=\"noopener\"><em>Toshio Mashima<\/em><\/a>)<\/li>\n<li><strong>Chapeau melon et bottes de cuir <\/strong><em>(en bis)<\/em><\/li>\n<\/ul>\n<div style=\"padding-bottom:20px; padding-top:10px;\" class=\"hupso-share-buttons\"><!-- Hupso Share Buttons - https:\/\/www.hupso.com\/share\/ --><a class=\"hupso_toolbar\" href=\"https:\/\/www.hupso.com\/share\/\"><img decoding=\"async\" src=\"https:\/\/static.hupso.com\/share\/buttons\/lang\/fr\/share-medium.png\" style=\"border:0px; padding-top: 5px; float:left;\" alt=\"Share Button\"\/><\/a><script type=\"text\/javascript\">var hupso_services_t=new Array(\"Twitter\",\"Facebook\",\"Google Plus\",\"Print\");var hupso_background_t=\"#EAF4FF\";var hupso_border_t=\"#66CCFF\";var hupso_toolbar_size_t=\"medium\";var hupso_image_folder_url = \"\";var hupso_url_t=\"\";var hupso_title_t=\"Avril%202015\";<\/script><script type=\"text\/javascript\" src=\"https:\/\/static.hupso.com\/share\/js\/share_toolbar.js\"><\/script><!-- Hupso Share Buttons --><\/div>","protected":false},"excerpt":{"rendered":"<p>Concert de printemps le dimanche 12 avril \u00e0 15 h 30 &nbsp;Direction&nbsp;: Sylvain Victor et Laurent Langard Programme Danse macabre de Camille Saint-Sa\u00ebns Suite fran\u00e7aise de Darius Milhaud Concerto pour trompette d\u2019Alexandre Aroutiounian (arr. C. Guillonneau) Entracte Musique fun\u00e8bre ma\u00e7onnique &hellip; <a href=\"https:\/\/amvb.fr\/?p=448\">Continuer la lecture <span class=\"meta-nav\">&rarr;<\/span><\/a><\/p>\n","protected":false},"author":2,"featured_media":0,"comment_status":"closed","ping_status":"open","sticky":false,"template":"","format":"standard","meta":{"_bbp_topic_count":0,"_bbp_reply_count":0,"_bbp_total_topic_count":0,"_bbp_total_reply_count":0,"_bbp_voice_count":0,"_bbp_anonymous_reply_count":0,"_bbp_topic_count_hidden":0,"_bbp_reply_count_hidden":0,"_bbp_forum_subforum_count":0,"ngg_post_thumbnail":0,"footnotes":""},"categories":[7],"tags":[],"class_list":["post-448","post","type-post","status-publish","format-standard","hentry","category-concert"],"aioseo_notices":[],"_links":{"self":[{"href":"https:\/\/amvb.fr\/index.php?rest_route=\/wp\/v2\/posts\/448","targetHints":{"allow":["GET"]}}],"collection":[{"href":"https:\/\/amvb.fr\/index.php?rest_route=\/wp\/v2\/posts"}],"about":[{"href":"https:\/\/amvb.fr\/index.php?rest_route=\/wp\/v2\/types\/post"}],"author":[{"embeddable":true,"href":"https:\/\/amvb.fr\/index.php?rest_route=\/wp\/v2\/users\/2"}],"replies":[{"embeddable":true,"href":"https:\/\/amvb.fr\/index.php?rest_route=%2Fwp%2Fv2%2Fcomments&post=448"}],"version-history":[{"count":4,"href":"https:\/\/amvb.fr\/index.php?rest_route=\/wp\/v2\/posts\/448\/revisions"}],"predecessor-version":[{"id":2207,"href":"https:\/\/amvb.fr\/index.php?rest_route=\/wp\/v2\/posts\/448\/revisions\/2207"}],"wp:attachment":[{"href":"https:\/\/amvb.fr\/index.php?rest_route=%2Fwp%2Fv2%2Fmedia&parent=448"}],"wp:term":[{"taxonomy":"category","embeddable":true,"href":"https:\/\/amvb.fr\/index.php?rest_route=%2Fwp%2Fv2%2Fcategories&post=448"},{"taxonomy":"post_tag","embeddable":true,"href":"https:\/\/amvb.fr\/index.php?rest_route=%2Fwp%2Fv2%2Ftags&post=448"}],"curies":[{"name":"wp","href":"https:\/\/api.w.org\/{rel}","templated":true}]}}