{"id":4749,"date":"2022-12-06T09:52:03","date_gmt":"2022-12-06T08:52:03","guid":{"rendered":"http:\/\/amvb.fr\/?p=4749"},"modified":"2022-12-06T09:52:04","modified_gmt":"2022-12-06T08:52:04","slug":"4-decembre-2022","status":"publish","type":"post","link":"https:\/\/amvb.fr\/?p=4749","title":{"rendered":"4 d\u00e9cembre 2022"},"content":{"rendered":"\n<p><strong>Concert au march\u00e9 de No\u00ebl, le dimanche 4 d\u00e9cembre \u00e0 10<\/strong><strong> heures 30<\/strong><\/p>\n<p><strong>Programme : No\u00ebl en Norv\u00e8ge<\/strong><\/p>\n<ul>\n<li><strong>Nordnorsk Julesalme<\/strong> de <a href=\"https:\/\/en.wikipedia.org\/wiki\/Trygve_Hoff\" target=\"_blank\" rel=\"noopener\"><em>Trygve Hoff<\/em><\/a><\/li>\n<li><strong>Danses norv\u00e9giennes 1 et 2<\/strong> de <a href=\"https:\/\/fr.wikipedia.org\/wiki\/Edvard_Grieg\" target=\"_blank\" rel=\"noopener\"><em>Edvard Grieg<\/em><\/a><\/li>\n<li><strong>Chant de No\u00ebl : Mon beau sapin<\/strong><\/li>\n<li><strong>Chant de No\u00ebl : Il est n\u00e9 le divin enfant<\/strong><\/li>\n<li><strong>Danses norv\u00e9giennes 4<\/strong>&nbsp;de <a href=\"https:\/\/fr.wikipedia.org\/wiki\/Edvard_Grieg\" target=\"_blank\" rel=\"noopener\"><em>Edvard Grieg<\/em><\/a><\/li>\n<li><strong>It&rsquo;s Christmas<\/strong><\/li>\n<li><strong>The Nightmare Before Christmas<\/strong> de <a href=\"https:\/\/fr.wikipedia.org\/wiki\/Danny_Elfman\" target=\"_blank\" rel=\"noopener\"><em>Danny Elfman<\/em><\/a><\/li>\n<li><strong>Peer Gynt 3 et 4<\/strong>&nbsp;de <a href=\"https:\/\/fr.wikipedia.org\/wiki\/Edvard_Grieg\" target=\"_blank\" rel=\"noopener\"><em>Edvard Grieg<\/em><\/a><\/li>\n<li><strong>A Classical Christmas<\/strong> arrang\u00e9 par&nbsp; <em>David Marshall<\/em><\/li>\n<li><span style=\"color: #000000;\"><b>How To Train Your Dragon <\/b><\/span>de&nbsp;<a href=\"https:\/\/fr.wikipedia.org\/wiki\/John_Powell_(compositeur)\" target=\"_blank\" rel=\"noopener\"><em>John Powell<\/em><\/a><\/li>\n<li><strong>Santiano<\/strong> arrang\u00e9 par <em>Hans-Joachim Rogoll<\/em><\/li>\n<li><strong>Chant de No\u00ebl : Vive le vent<\/strong><\/li>\n<li><strong>Chant de No\u00ebl : Petit Papa No\u00ebl<\/strong><\/li>\n<\/ul>\n<div style=\"padding-bottom:20px; padding-top:10px;\" class=\"hupso-share-buttons\"><!-- Hupso Share Buttons - https:\/\/www.hupso.com\/share\/ --><a class=\"hupso_toolbar\" href=\"https:\/\/www.hupso.com\/share\/\"><img decoding=\"async\" src=\"https:\/\/static.hupso.com\/share\/buttons\/lang\/fr\/share-medium.png\" style=\"border:0px; padding-top: 5px; float:left;\" alt=\"Share Button\"\/><\/a><script type=\"text\/javascript\">var hupso_services_t=new Array(\"Twitter\",\"Facebook\",\"Google Plus\",\"Print\");var hupso_background_t=\"#EAF4FF\";var hupso_border_t=\"#66CCFF\";var hupso_toolbar_size_t=\"medium\";var hupso_image_folder_url = \"\";var hupso_url_t=\"\";var hupso_title_t=\"4%20d%C3%A9cembre%202022\";<\/script><script type=\"text\/javascript\" src=\"https:\/\/static.hupso.com\/share\/js\/share_toolbar.js\"><\/script><!-- Hupso Share Buttons --><\/div>","protected":false},"excerpt":{"rendered":"<p>Concert au march\u00e9 de No\u00ebl, le dimanche 4 d\u00e9cembre \u00e0 10 heures 30 Programme : No\u00ebl en Norv\u00e8ge Nordnorsk Julesalme de Trygve Hoff Danses norv\u00e9giennes 1 et 2 de Edvard Grieg Chant de No\u00ebl : Mon beau sapin Chant de &hellip; <a href=\"https:\/\/amvb.fr\/?p=4749\">Continuer la lecture <span class=\"meta-nav\">&rarr;<\/span><\/a><\/p>\n","protected":false},"author":2,"featured_media":0,"comment_status":"closed","ping_status":"open","sticky":false,"template":"","format":"standard","meta":{"_bbp_topic_count":0,"_bbp_reply_count":0,"_bbp_total_topic_count":0,"_bbp_total_reply_count":0,"_bbp_voice_count":0,"_bbp_anonymous_reply_count":0,"_bbp_topic_count_hidden":0,"_bbp_reply_count_hidden":0,"_bbp_forum_subforum_count":0,"ngg_post_thumbnail":0,"footnotes":""},"categories":[1],"tags":[],"class_list":["post-4749","post","type-post","status-publish","format-standard","hentry","category-non-classe"],"aioseo_notices":[],"_links":{"self":[{"href":"https:\/\/amvb.fr\/index.php?rest_route=\/wp\/v2\/posts\/4749","targetHints":{"allow":["GET"]}}],"collection":[{"href":"https:\/\/amvb.fr\/index.php?rest_route=\/wp\/v2\/posts"}],"about":[{"href":"https:\/\/amvb.fr\/index.php?rest_route=\/wp\/v2\/types\/post"}],"author":[{"embeddable":true,"href":"https:\/\/amvb.fr\/index.php?rest_route=\/wp\/v2\/users\/2"}],"replies":[{"embeddable":true,"href":"https:\/\/amvb.fr\/index.php?rest_route=%2Fwp%2Fv2%2Fcomments&post=4749"}],"version-history":[{"count":1,"href":"https:\/\/amvb.fr\/index.php?rest_route=\/wp\/v2\/posts\/4749\/revisions"}],"predecessor-version":[{"id":4750,"href":"https:\/\/amvb.fr\/index.php?rest_route=\/wp\/v2\/posts\/4749\/revisions\/4750"}],"wp:attachment":[{"href":"https:\/\/amvb.fr\/index.php?rest_route=%2Fwp%2Fv2%2Fmedia&parent=4749"}],"wp:term":[{"taxonomy":"category","embeddable":true,"href":"https:\/\/amvb.fr\/index.php?rest_route=%2Fwp%2Fv2%2Fcategories&post=4749"},{"taxonomy":"post_tag","embeddable":true,"href":"https:\/\/amvb.fr\/index.php?rest_route=%2Fwp%2Fv2%2Ftags&post=4749"}],"curies":[{"name":"wp","href":"https:\/\/api.w.org\/{rel}","templated":true}]}}