{"id":677,"date":"2014-12-07T14:07:42","date_gmt":"2014-12-07T13:07:42","guid":{"rendered":"http:\/\/amvb.fr\/?p=677"},"modified":"2018-02-04T10:07:20","modified_gmt":"2018-02-04T09:07:20","slug":"decembre-2015","status":"publish","type":"post","link":"https:\/\/amvb.fr\/?p=677","title":{"rendered":"D\u00e9cembre 2014"},"content":{"rendered":"<p><span style=\"font-size: 14pt;\"><strong>Concert du march\u00e9 de No\u00ebl le dimanche 7 d\u00e9cembre \u00e0 11 heures<\/strong><\/span><\/p>\n<p><strong>Direction&nbsp;: Laurent Langard<\/strong><\/p>\n<h5>&nbsp;<span style=\"font-size: 12pt;\"><strong>Programme<\/strong><\/span><\/h5>\n<ul>\n<li><strong>Petit Papa No\u00ebl <\/strong>de <a href=\"http:\/\/fr.wikipedia.org\/wiki\/Henri_Martinet\" target=\"_blank\" rel=\"noopener\"><em>Henri Martinet<\/em><\/a><\/li>\n<li><strong>Perles de Cristal <\/strong>de <a href=\"http:\/\/www.encyclopedisque.fr\/artiste\/14832.html\" target=\"_blank\" rel=\"noopener\"><em>Georges Hamel <\/em><\/a><em>&nbsp;<\/em>avec <strong><em>Thomas Sibertin-Blanc<\/em><\/strong> au cornet<\/li>\n<li><strong>Choral<\/strong> de <a href=\"http:\/\/en.wikipedia.org\/wiki\/James_Curnow\" target=\"_blank\" rel=\"noopener\"><em> James Curnow<\/em><\/a><\/li>\n<li><strong>Suite fran\u00e7aise 1 et 3<\/strong> de <a href=\"http:\/\/fr.wikipedia.org\/wiki\/Darius_Milhaud\" target=\"_blank\" rel=\"noopener\"><em>Darius Milhaud<\/em><\/a><\/li>\n<li><strong>Belle nuit, Sainte nuit <\/strong>de <a href=\"http:\/\/fr.wikipedia.org\/wiki\/Franz_Xaver_Gruber\" target=\"_blank\" rel=\"noopener\"><em>F. Gruber<\/em><\/a><\/li>\n<li><strong>\u201cHowl\u2019s Moving Castle\u201d Fantasy <\/strong>de <a href=\"http:\/\/fr.wikipedia.org\/wiki\/Joe_Hisaishi\" target=\"_blank\" rel=\"noopener\"><em>Joe Hisaishi<\/em> <\/a>&nbsp;(arr. <em>S. Kojima<\/em>)<\/li>\n<li><strong>Escenas de los Aztecas 1 <\/strong>de <a href=\"http:\/\/en.wikipedia.org\/wiki\/James_Barnes_%28composer%29\" target=\"_blank\" rel=\"noopener\"><em>James Barnes<\/em><\/a><\/li>\n<li><strong>Berceuse <\/strong>de <a href=\"http:\/\/fr.wikipedia.org\/wiki\/Johannes_Brahms\" target=\"_blank\" rel=\"noopener\"><em>Johannes Brahms<\/em><\/a><\/li>\n<li><strong>Walking In The Air <\/strong>de <a href=\"http:\/\/fr.wikipedia.org\/wiki\/Howard_Blake\" target=\"_blank\" rel=\"noopener\"><em>Howard Blake<\/em><\/a> (arr. <em>S. C. Barnwell<\/em>)<\/li>\n<li><strong>Amour et Printemps <\/strong>de <a href=\"http:\/\/fr.wikipedia.org\/wiki\/%C3%89mile_Waldteufel\" target=\"_blank\" rel=\"noopener\"><em>\u00c9mile Waldteufel<\/em><\/a> (arr. <em>G. Wittmann<\/em>)<\/li>\n<li><strong>Vive le Vent <\/strong>de <a href=\"http:\/\/data.bnf.fr\/fr\/14821724\/rolf_marbot\/\" target=\"_blank\" rel=\"noopener\"><em>R. Marbot<\/em><\/a><\/li>\n<\/ul>\n<div style=\"padding-bottom:20px; padding-top:10px;\" class=\"hupso-share-buttons\"><!-- Hupso Share Buttons - https:\/\/www.hupso.com\/share\/ --><a class=\"hupso_toolbar\" href=\"https:\/\/www.hupso.com\/share\/\"><img decoding=\"async\" src=\"https:\/\/static.hupso.com\/share\/buttons\/lang\/fr\/share-medium.png\" style=\"border:0px; padding-top: 5px; float:left;\" alt=\"Share Button\"\/><\/a><script type=\"text\/javascript\">var hupso_services_t=new Array(\"Twitter\",\"Facebook\",\"Google Plus\",\"Print\");var hupso_background_t=\"#EAF4FF\";var hupso_border_t=\"#66CCFF\";var hupso_toolbar_size_t=\"medium\";var hupso_image_folder_url = \"\";var hupso_url_t=\"\";var hupso_title_t=\"D%C3%A9cembre%202014\";<\/script><script type=\"text\/javascript\" src=\"https:\/\/static.hupso.com\/share\/js\/share_toolbar.js\"><\/script><!-- Hupso Share Buttons --><\/div>","protected":false},"excerpt":{"rendered":"<p>Concert du march\u00e9 de No\u00ebl le dimanche 7 d\u00e9cembre \u00e0 11 heures Direction&nbsp;: Laurent Langard &nbsp;Programme Petit Papa No\u00ebl de Henri Martinet Perles de Cristal de Georges Hamel &nbsp;avec Thomas Sibertin-Blanc au cornet Choral de James Curnow Suite fran\u00e7aise 1 &hellip; <a href=\"https:\/\/amvb.fr\/?p=677\">Continuer la lecture <span class=\"meta-nav\">&rarr;<\/span><\/a><\/p>\n","protected":false},"author":2,"featured_media":0,"comment_status":"closed","ping_status":"open","sticky":false,"template":"","format":"standard","meta":{"_bbp_topic_count":0,"_bbp_reply_count":0,"_bbp_total_topic_count":0,"_bbp_total_reply_count":0,"_bbp_voice_count":0,"_bbp_anonymous_reply_count":0,"_bbp_topic_count_hidden":0,"_bbp_reply_count_hidden":0,"_bbp_forum_subforum_count":0,"ngg_post_thumbnail":0,"footnotes":""},"categories":[7],"tags":[],"class_list":["post-677","post","type-post","status-publish","format-standard","hentry","category-concert"],"aioseo_notices":[],"_links":{"self":[{"href":"https:\/\/amvb.fr\/index.php?rest_route=\/wp\/v2\/posts\/677","targetHints":{"allow":["GET"]}}],"collection":[{"href":"https:\/\/amvb.fr\/index.php?rest_route=\/wp\/v2\/posts"}],"about":[{"href":"https:\/\/amvb.fr\/index.php?rest_route=\/wp\/v2\/types\/post"}],"author":[{"embeddable":true,"href":"https:\/\/amvb.fr\/index.php?rest_route=\/wp\/v2\/users\/2"}],"replies":[{"embeddable":true,"href":"https:\/\/amvb.fr\/index.php?rest_route=%2Fwp%2Fv2%2Fcomments&post=677"}],"version-history":[{"count":6,"href":"https:\/\/amvb.fr\/index.php?rest_route=\/wp\/v2\/posts\/677\/revisions"}],"predecessor-version":[{"id":2219,"href":"https:\/\/amvb.fr\/index.php?rest_route=\/wp\/v2\/posts\/677\/revisions\/2219"}],"wp:attachment":[{"href":"https:\/\/amvb.fr\/index.php?rest_route=%2Fwp%2Fv2%2Fmedia&parent=677"}],"wp:term":[{"taxonomy":"category","embeddable":true,"href":"https:\/\/amvb.fr\/index.php?rest_route=%2Fwp%2Fv2%2Fcategories&post=677"},{"taxonomy":"post_tag","embeddable":true,"href":"https:\/\/amvb.fr\/index.php?rest_route=%2Fwp%2Fv2%2Ftags&post=677"}],"curies":[{"name":"wp","href":"https:\/\/api.w.org\/{rel}","templated":true}]}}